{"id":6483,"date":"2025-08-20T11:35:33","date_gmt":"2025-08-20T08:35:33","guid":{"rendered":"http:\/\/rahvaraadio.ee\/?p=6483"},"modified":"2025-08-20T11:35:33","modified_gmt":"2025-08-20T08:35:33","slug":"elagu-eesti","status":"publish","type":"post","link":"http:\/\/rahvaraadio.ee\/?p=6483","title":{"rendered":"Elagu Eesti!"},"content":{"rendered":"<p>20. augusti taasiseseisvumisp\u00e4eval on paslik meenutada, kui imeline ja s\u00fcdamel\u00e4hedane on meie kodu \u2013 Eesti. Heiki Vilep on selle kaunilt luulesse pannud:<\/p>\n<p data-start=\"266\" data-end=\"522\"><strong data-start=\"266\" data-end=\"295\">Peipsi \u00e4\u00e4rest Saaremaani,<\/strong><br data-start=\"295\" data-end=\"298\" \/><strong data-start=\"300\" data-end=\"324\">L\u00e4ti piirist mereni,<\/strong><br data-start=\"324\" data-end=\"327\" \/><strong data-start=\"329\" data-end=\"359\">Igast lapsest punap\u00f5sksest<\/strong><br data-start=\"359\" data-end=\"362\" \/><strong data-start=\"364\" data-end=\"387\">kuni suure pereni \u2013<\/strong><br data-start=\"387\" data-end=\"390\" \/><strong data-start=\"392\" data-end=\"422\">k\u00f5ik see kokku on me kodu,<\/strong><br data-start=\"422\" data-end=\"425\" \/><strong data-start=\"427\" data-end=\"452\">see on meie Eestimaa.<\/strong><br data-start=\"452\" data-end=\"455\" \/><strong data-start=\"457\" data-end=\"489\">Kaardi pealt v\u00f5ib \u00e4ra v\u00f5tta,<\/strong><br data-start=\"489\" data-end=\"492\" \/><strong data-start=\"494\" data-end=\"520\">S\u00fcdamest ei k\u00e4tte saa.<\/strong><\/p>\n<p data-start=\"530\" data-end=\"783\"><strong data-start=\"530\" data-end=\"555\">Kodu\u00f5uest Tallinnani,<\/strong><br data-start=\"555\" data-end=\"558\" \/><strong data-start=\"560\" data-end=\"583\">Kodukasest metsani,<\/strong><br data-start=\"583\" data-end=\"586\" \/><strong data-start=\"588\" data-end=\"615\">Laulukesest laulupeoni,<\/strong><br data-start=\"615\" data-end=\"618\" \/><strong data-start=\"620\" data-end=\"648\">Tantsust rahvatantsuni \u2013<\/strong><br data-start=\"648\" data-end=\"651\" \/><strong data-start=\"653\" data-end=\"683\">k\u00f5ik see kokku on me kodu,<\/strong><br data-start=\"683\" data-end=\"686\" \/><strong data-start=\"688\" data-end=\"713\">see on meie Eestimaa.<\/strong><br data-start=\"713\" data-end=\"716\" \/><strong data-start=\"718\" data-end=\"750\">Kaardi pealt v\u00f5ib \u00e4ra v\u00f5tta,<\/strong><br data-start=\"750\" data-end=\"753\" \/><strong data-start=\"755\" data-end=\"781\">S\u00fcdamest ei k\u00e4tte saa.<\/strong><\/p>\n<p data-start=\"791\" data-end=\"1053\"><strong data-start=\"791\" data-end=\"822\">Kaevutee pealt suure teeni,<\/strong><br data-start=\"822\" data-end=\"825\" \/><strong data-start=\"827\" data-end=\"853\">Narvast Ruhnu saareni,<\/strong><br data-start=\"853\" data-end=\"856\" \/><strong data-start=\"858\" data-end=\"889\">Mustast mullast taevalaeni,<\/strong><br data-start=\"889\" data-end=\"892\" \/><strong data-start=\"894\" data-end=\"918\">S\u00fcnnist elu l\u00f5puni \u2013<\/strong><br data-start=\"918\" data-end=\"921\" \/><strong data-start=\"923\" data-end=\"953\">k\u00f5ik see kokku on me kodu,<\/strong><br data-start=\"953\" data-end=\"956\" \/><strong data-start=\"958\" data-end=\"983\">see on meie Eestimaa.<\/strong><br data-start=\"983\" data-end=\"986\" \/><strong data-start=\"988\" data-end=\"1020\">Kaardi pealt v\u00f5ib \u00e4ra v\u00f5tta,<\/strong><br data-start=\"1020\" data-end=\"1023\" \/><strong data-start=\"1025\" data-end=\"1051\">S\u00fcdamest ei k\u00e4tte saa.<\/strong><\/p>\n<p data-start=\"1061\" data-end=\"1085\"><em data-start=\"1061\" data-end=\"1083\">(Autor: Heiki Vilep)<\/em><\/p>\n","protected":false},"excerpt":{"rendered":"<p>20. augusti taasiseseisvumisp\u00e4eval on paslik meenutada, kui imeline ja s\u00fcdamel\u00e4hedane on meie kodu \u2013 Eesti. Heiki Vilep on selle kaunilt luulesse pannud: Peipsi \u00e4\u00e4rest Saaremaani,L\u00e4ti piirist mereni,Igast lapsest punap\u00f5sksestkuni suure pereni \u2013k\u00f5ik see kokku on me kodu,see on meie Eestimaa.Kaardi pealt v\u00f5ib \u00e4ra v\u00f5tta,S\u00fcdamest ei k\u00e4tte saa. Kodu\u00f5uest Tallinnani,Kodukasest metsani,Laulukesest ...<\/p>\n","protected":false},"author":1,"featured_media":6484,"comment_status":"closed","ping_status":"closed","sticky":false,"template":"","format":"standard","meta":[],"categories":[88],"tags":[],"_links":{"self":[{"href":"http:\/\/rahvaraadio.ee\/index.php?rest_route=\/wp\/v2\/posts\/6483"}],"collection":[{"href":"http:\/\/rahvaraadio.ee\/index.php?rest_route=\/wp\/v2\/posts"}],"about":[{"href":"http:\/\/rahvaraadio.ee\/index.php?rest_route=\/wp\/v2\/types\/post"}],"author":[{"embeddable":true,"href":"http:\/\/rahvaraadio.ee\/index.php?rest_route=\/wp\/v2\/users\/1"}],"replies":[{"embeddable":true,"href":"http:\/\/rahvaraadio.ee\/index.php?rest_route=%2Fwp%2Fv2%2Fcomments&post=6483"}],"version-history":[{"count":1,"href":"http:\/\/rahvaraadio.ee\/index.php?rest_route=\/wp\/v2\/posts\/6483\/revisions"}],"predecessor-version":[{"id":6485,"href":"http:\/\/rahvaraadio.ee\/index.php?rest_route=\/wp\/v2\/posts\/6483\/revisions\/6485"}],"wp:featuredmedia":[{"embeddable":true,"href":"http:\/\/rahvaraadio.ee\/index.php?rest_route=\/wp\/v2\/media\/6484"}],"wp:attachment":[{"href":"http:\/\/rahvaraadio.ee\/index.php?rest_route=%2Fwp%2Fv2%2Fmedia&parent=6483"}],"wp:term":[{"taxonomy":"category","embeddable":true,"href":"http:\/\/rahvaraadio.ee\/index.php?rest_route=%2Fwp%2Fv2%2Fcategories&post=6483"},{"taxonomy":"post_tag","embeddable":true,"href":"http:\/\/rahvaraadio.ee\/index.php?rest_route=%2Fwp%2Fv2%2Ftags&post=6483"}],"curies":[{"name":"wp","href":"https:\/\/api.w.org\/{rel}","templated":true}]}}