{"id":6494,"date":"2025-09-23T09:13:35","date_gmt":"2025-09-23T06:13:35","guid":{"rendered":"http:\/\/rahvaraadio.ee\/?p=6494"},"modified":"2025-09-23T09:13:35","modified_gmt":"2025-09-23T06:13:35","slug":"%f0%9f%8d%82-esimene-sugispaev-%f0%9f%8d%82","status":"publish","type":"post","link":"http:\/\/rahvaraadio.ee\/?p=6494","title":{"rendered":"\ud83c\udf42 Esimene s\u00fcgisp\u00e4ev \ud83c\udf42"},"content":{"rendered":"<p data-start=\"108\" data-end=\"328\">T\u00e4na tervitame esimest s\u00fcgisp\u00e4eva \u2013 aega, mil hommikud toovad v\u00e4rske karguse ja \u00f5htud koduse soojuse. Metsad hakkavad tasapisi v\u00e4rvuma kollase, punase ja oran\u017ei m\u00e4nglevatesse toonidesse ning \u00f5hus on tunda s\u00fcgise h\u00f5ngu.<\/p>\n<p data-start=\"330\" data-end=\"554\">S\u00fcgis on Eestis alati olnud eriline \u2013 aeg, mil talurahvas l\u00f5petas p\u00f5llut\u00f6\u00f6d, korjas viljad salve ja valmistus pikaks talveks. Ka t\u00e4nap\u00e4eval seondub s\u00fcgise algus paljude jaoks \u00f5unakoogi l\u00f5hna, seenelk\u00e4igu ja l\u00f5ikusp\u00fchadega.<\/p>\n<p data-start=\"556\" data-end=\"739\">Rahvalauludes ja pillilugudes on s\u00fcgis sageli m\u00f5tlik, aga alati helge \u2013 meenutades, et igal aastaajal on oma r\u00fctm ja ilu. Nii nagu muusika, toob ka s\u00fcgis korraga nii r\u00f5\u00f5mu kui rahu.<\/p>\n<p data-start=\"741\" data-end=\"876\">Soovime k\u00f5igile kaunist s\u00fcgise algust! \ud83c\udf41<br data-start=\"782\" data-end=\"785\" \/>Kuula jahedamate \u00f5htute kaaslaseks Rahvartaadiot ning lase end s\u00fcgismeloodiatel kanda. \ud83c\udfb6<\/p>\n","protected":false},"excerpt":{"rendered":"<p>T\u00e4na tervitame esimest s\u00fcgisp\u00e4eva \u2013 aega, mil hommikud toovad v\u00e4rske karguse ja \u00f5htud koduse soojuse. Metsad hakkavad tasapisi v\u00e4rvuma kollase, punase ja oran\u017ei m\u00e4nglevatesse toonidesse ning \u00f5hus on tunda s\u00fcgise h\u00f5ngu. S\u00fcgis on Eestis alati olnud eriline \u2013 aeg, mil talurahvas l\u00f5petas p\u00f5llut\u00f6\u00f6d, korjas viljad salve ja valmistus pikaks talveks. ...<\/p>\n","protected":false},"author":1,"featured_media":6497,"comment_status":"closed","ping_status":"closed","sticky":false,"template":"","format":"standard","meta":[],"categories":[93],"tags":[],"_links":{"self":[{"href":"http:\/\/rahvaraadio.ee\/index.php?rest_route=\/wp\/v2\/posts\/6494"}],"collection":[{"href":"http:\/\/rahvaraadio.ee\/index.php?rest_route=\/wp\/v2\/posts"}],"about":[{"href":"http:\/\/rahvaraadio.ee\/index.php?rest_route=\/wp\/v2\/types\/post"}],"author":[{"embeddable":true,"href":"http:\/\/rahvaraadio.ee\/index.php?rest_route=\/wp\/v2\/users\/1"}],"replies":[{"embeddable":true,"href":"http:\/\/rahvaraadio.ee\/index.php?rest_route=%2Fwp%2Fv2%2Fcomments&post=6494"}],"version-history":[{"count":1,"href":"http:\/\/rahvaraadio.ee\/index.php?rest_route=\/wp\/v2\/posts\/6494\/revisions"}],"predecessor-version":[{"id":6495,"href":"http:\/\/rahvaraadio.ee\/index.php?rest_route=\/wp\/v2\/posts\/6494\/revisions\/6495"}],"wp:featuredmedia":[{"embeddable":true,"href":"http:\/\/rahvaraadio.ee\/index.php?rest_route=\/wp\/v2\/media\/6497"}],"wp:attachment":[{"href":"http:\/\/rahvaraadio.ee\/index.php?rest_route=%2Fwp%2Fv2%2Fmedia&parent=6494"}],"wp:term":[{"taxonomy":"category","embeddable":true,"href":"http:\/\/rahvaraadio.ee\/index.php?rest_route=%2Fwp%2Fv2%2Fcategories&post=6494"},{"taxonomy":"post_tag","embeddable":true,"href":"http:\/\/rahvaraadio.ee\/index.php?rest_route=%2Fwp%2Fv2%2Ftags&post=6494"}],"curies":[{"name":"wp","href":"https:\/\/api.w.org\/{rel}","templated":true}]}}