{"id":6574,"date":"2026-03-04T12:31:29","date_gmt":"2026-03-04T09:31:29","guid":{"rendered":"http:\/\/rahvaraadio.ee\/?p=6574"},"modified":"2026-03-04T12:32:18","modified_gmt":"2026-03-04T09:32:18","slug":"tonis-niinemets-juhib-eesti-filmi-ja-teleauhindade-juubeligalat","status":"publish","type":"post","link":"http:\/\/rahvaraadio.ee\/?p=6574","title":{"rendered":"T\u00f5nis Niinemets juhib Eesti filmi- ja teleauhindade juubeligalat"},"content":{"rendered":"<p><strong>24.aprillil<\/strong> toimub Tallinnas Alexela Kontserdimajas juba k\u00fcmnendat korda Eesti filmi- ja teleauhindade gala ehk EFTA. Juubeliaasta puhul astub \u00f5htujuhina lavale n\u00e4itleja ja saatejuht <strong>T\u00f5nis Niinemets<\/strong>, kes on varasematel aastatel publiku s\u00fcdamed v\u00f5itnud oma vaimuka ja vahetu stiiliga.<\/p>\n<p>Sel aastal jagatakse galal kokku <strong>31 auhinda<\/strong> \u2013 neist 16 filmivaldkonnas ja 15 telekategoorias. S\u00fcndmuse eesm\u00e4rk on tunnustada nii n\u00e4itlejaid, re\u017eiss\u00f6\u00f6re kui ka paljusid teisi loomeinimesi, kes t\u00f6\u00f6tavad filmide ja telesaadete s\u00fcnni juures sageli kaamera taga.<\/p>\n<p>Niinemetsal on EFTA galaga ka eriline side. Ta meenutab, et \u00fcks tema esimesi suuri otse-eetri kogemusi oligi just selle gala juhtimine. Otse\u00fclekannete v\u00e4ikesed ootamatused kuuluvad tema s\u00f5nul aga selle \u00f5htu v\u00f5lu juurde ning loovad erilise atmosf\u00e4\u00e4ri.<\/p>\n<p>Pidulikku galat saab kevadel j\u00e4lgida ka teleekraani vahendusel, sest s\u00fcndmust kannab \u00fcle <strong>ETV<\/strong>. Nii saavad filmis\u00f5brad ja televaatajad \u00fcle Eesti osa v\u00f5tta \u00f5htust, kus t\u00e4histatakse Eesti filmide ja telesaadete tegijaid.<\/p>\n<p>Juubeligala t\u00f5otab tulla meeleolukas \u2013 hea huumor, tuttavad n\u00e4od ja loomulikult ka muusika k\u00e4ivad selliste pidulike s\u00fcndmustega k\u00e4sik\u00e4es.<\/p>\n<p><em>Uudise aluseks on Muusikaplaneedi artikkel.<\/em><\/p>\n","protected":false},"excerpt":{"rendered":"<p>24.aprillil toimub Tallinnas Alexela Kontserdimajas juba k\u00fcmnendat korda Eesti filmi- ja teleauhindade gala ehk EFTA. Juubeliaasta puhul astub \u00f5htujuhina lavale n\u00e4itleja ja saatejuht T\u00f5nis Niinemets, kes on varasematel aastatel publiku s\u00fcdamed v\u00f5itnud oma vaimuka ja vahetu stiiliga. Sel aastal jagatakse galal kokku 31 auhinda \u2013 neist 16 filmivaldkonnas ja 15 ...<\/p>\n","protected":false},"author":1,"featured_media":6575,"comment_status":"closed","ping_status":"closed","sticky":false,"template":"","format":"standard","meta":[],"categories":[8],"tags":[],"_links":{"self":[{"href":"http:\/\/rahvaraadio.ee\/index.php?rest_route=\/wp\/v2\/posts\/6574"}],"collection":[{"href":"http:\/\/rahvaraadio.ee\/index.php?rest_route=\/wp\/v2\/posts"}],"about":[{"href":"http:\/\/rahvaraadio.ee\/index.php?rest_route=\/wp\/v2\/types\/post"}],"author":[{"embeddable":true,"href":"http:\/\/rahvaraadio.ee\/index.php?rest_route=\/wp\/v2\/users\/1"}],"replies":[{"embeddable":true,"href":"http:\/\/rahvaraadio.ee\/index.php?rest_route=%2Fwp%2Fv2%2Fcomments&post=6574"}],"version-history":[{"count":1,"href":"http:\/\/rahvaraadio.ee\/index.php?rest_route=\/wp\/v2\/posts\/6574\/revisions"}],"predecessor-version":[{"id":6576,"href":"http:\/\/rahvaraadio.ee\/index.php?rest_route=\/wp\/v2\/posts\/6574\/revisions\/6576"}],"wp:featuredmedia":[{"embeddable":true,"href":"http:\/\/rahvaraadio.ee\/index.php?rest_route=\/wp\/v2\/media\/6575"}],"wp:attachment":[{"href":"http:\/\/rahvaraadio.ee\/index.php?rest_route=%2Fwp%2Fv2%2Fmedia&parent=6574"}],"wp:term":[{"taxonomy":"category","embeddable":true,"href":"http:\/\/rahvaraadio.ee\/index.php?rest_route=%2Fwp%2Fv2%2Fcategories&post=6574"},{"taxonomy":"post_tag","embeddable":true,"href":"http:\/\/rahvaraadio.ee\/index.php?rest_route=%2Fwp%2Fv2%2Ftags&post=6574"}],"curies":[{"name":"wp","href":"https:\/\/api.w.org\/{rel}","templated":true}]}}